{"id":15356,"date":"2022-04-04T12:56:48","date_gmt":"2022-04-04T11:56:48","guid":{"rendered":"https:\/\/vxfiber.com\/?p=15356"},"modified":"2025-02-06T14:03:22","modified_gmt":"2025-02-06T14:03:22","slug":"glasfaserausbau-in-der-gemeinde-dietach-erfolgreich-gestartet","status":"publish","type":"post","link":"https:\/\/vxfiber.com\/at\/glasfaserausbau-in-der-gemeinde-dietach-erfolgreich-gestartet\/","title":{"rendered":"Glasfaserausbau in der Gemeinde Dietach erfolgreich gestartet!"},"content":{"rendered":"<p>Mit einem Gesamtprojektvolumen von rund 4 Millionen Euro startet die Firma VX Fiber die erste<br \/>\nPhase des Glasfaserausbaus in Dietach. Die ersten 350 Haushalte werden bis Ende September 2022<br \/>\nangeschlossen.<\/p>\n<p>Am 10. M\u00e4rz 2022 fand in der Gemeinde Dietach der Spatenstich zum Glasfaserausbau statt. Seit rund f\u00fcnf Jahren<br \/>\nbem\u00fcht sich die Gemeinde Dietach um einen Ausbau des Glasfasernetzes, damit die B\u00fcrger der<br \/>\nGemeinde die M\u00f6glichkeit bekommen ihren Wohnsitz an die sogenannte \u201eDatenautobahn\u201c<br \/>\nanzuschlie\u00dfen. B\u00fcrgermeister Johannes Kampenhuber: \u201eDie Firma VX Fiber hat im letzten Jahr<br \/>\naufgrund des schl\u00fcssigen Konzeptes den Ausbau des Glasfasernetzes von Dietach \u00fcbertragen<br \/>\nbekommen: die Errichtung der passiven Infrastruktur sowie den Betrieb eines offenen<br \/>\nGlasfasernetzwerkes mit derzeit 8 Internet-Service-Providern. Wir freuen uns, dass die Umsetzung<br \/>\nheute beginnt!\u201c<\/p>\n<p>Die ober\u00f6sterreichische Baufirma Ploier &amp; H\u00f6rmann Bau GmbH wurde von VX Fiber mit der<br \/>\nDurchf\u00fchrung der Bauarbeiten und Montaget\u00e4tigkeiten beauftragt. Zuerst wird mit der Errichtung des<br \/>\nGlasfasernetzes im Bauabschnitt 1A begonnen (siehe \u00dcbersichtsplan). Ploier &amp; H\u00f6rmann Bereichsleiter<br \/>\nManuel Dietinger: \u201eZuerst wird die Ortszentrale (\u201ePOP\u201c, Technikzentrale) von Dietach errichtet. Von<br \/>\ndort aus werden die ersten Stra\u00dfenz\u00fcge erschlossen. Die Erstanschaltung bei den Kunden ist f\u00fcr Mitte<br \/>\nMai geplant.\u201c<\/p>\n<p>W\u00e4hrend der Bauphase bzw. solange die Grabung auf H\u00f6he des eigenen Hauses noch nicht begonnen<br \/>\nwurde, kann der Glasfaser-Direktanschluss noch um einmalig \u20ac 499 bestellt werden. Sp\u00e4ter gilt der<br \/>\nregul\u00e4re Standard Glasfaser-Direktanschluss-Tarif von \u20ac 2.100.\u201c sagt der LANDCONNECT &#8211;<br \/>\nGesch\u00e4ftsf\u00fchrer Wolfgang Kl\u00f6ckl. \u201eBitte sprechen Sie auch weiterhin Ihre Nachbarn und Freunde an,<br \/>\num sie von den Vorteilen eines Glasfaser-Direktanschlusses zu \u00fcberzeugen. Je fr\u00fcher in Ihrer<br \/>\nNachbarschaft gen\u00fcgend Bestellungen vorliegen, desto schneller k\u00f6nnen wir ausbauen.\u201c, so Wolfgang<br \/>\nKl\u00f6ckl weiter.<\/p>\n<p>Die Bauphase 1A wird voraussichtlich bis in den Herbst 2022 dauern. Projektleiter Martin Stadlmann:<br \/>\n\u201eWegen der genauen Festlegung des Grundst\u00fcckanschlusspunktes, der \u00dcbergabe des Materials f\u00fcr die<br \/>\nVorbereitungsleistungen und der Vereinbarung eines Anschlusstermins wird die Baufirma die Kunden,<br \/>\ndie bereits bestellt haben, zeitgerecht und direkt ansprechen. Die ersten 100 Startersets f\u00fcr die<br \/>\nVorbereitung des Hausanschlusses k\u00f6nnen bereits in unserem LANDCONNECT-Projektb\u00fcro im<br \/>\nGemeindeamt abgeholt werden.\u201c<\/p>\n<p>______________________________________________________________________________________<br \/>\nBauvolumen: 4 Mio \u20ac<br \/>\nDaten zu Phase 1: Grabungsl\u00e4nge (l\u00e4ngs): 10,2 km<br \/>\nHomes passed: 784<br \/>\nBauzeit Bauphase 1a : M\u00e4rz 2022- September 2022<br \/>\nGesamtausbaugebiet: 26 km<br \/>\nHomes passed: 1.295<\/p>\n<p><strong>Autor<\/strong>: Birgit Rutter<br \/>\n<strong>E-Mail<\/strong>: <a href=\"mailto:birgit.rutter@vx.se\">birgit.rutter@vx.se<\/a><\/p>\n","protected":false},"excerpt":{"rendered":"<p>Mit einem Gesamtprojektvolumen von rund 4 Millionen Euro startet die Firma VX Fiber die erste Phase des Glasfaserausbaus in Dietach. Die ersten 350 Haushalte werden bis Ende September 2022 angeschlossen. Am 10. M\u00e4rz 2022 fand in der Gemeinde Dietach der Spatenstich zum Glasfaserausbau statt. Seit rund f\u00fcnf Jahren bem\u00fcht sich die Gemeinde Dietach um einen [&hellip;]<\/p>\n","protected":false},"author":1,"featured_media":5364,"comment_status":"closed","ping_status":"closed","sticky":false,"template":"","format":"standard","meta":{"content-type":"","site-sidebar-layout":"default","site-content-layout":"","ast-site-content-layout":"default","site-content-style":"default","site-sidebar-style":"default","ast-global-header-display":"","ast-banner-title-visibility":"","ast-main-header-display":"","ast-hfb-above-header-display":"","ast-hfb-below-header-display":"","ast-hfb-mobile-header-display":"","site-post-title":"","ast-breadcrumbs-content":"","ast-featured-img":"","footer-sml-layout":"","ast-disable-related-posts":"","theme-transparent-header-meta":"default","adv-header-id-meta":"","stick-header-meta":"default","header-above-stick-meta":"","header-main-stick-meta":"","header-below-stick-meta":"","astra-migrate-meta-layouts":"set","ast-page-background-enabled":"default","ast-page-background-meta":{"desktop":{"background-color":"var(--ast-global-color-4)","background-image":"","background-repeat":"repeat","background-position":"center center","background-size":"auto","background-attachment":"scroll","background-type":"","background-media":"","overlay-type":"","overlay-color":"","overlay-opacity":"","overlay-gradient":""},"tablet":{"background-color":"","background-image":"","background-repeat":"repeat","background-position":"center center","background-size":"auto","background-attachment":"scroll","background-type":"","background-media":"","overlay-type":"","overlay-color":"","overlay-opacity":"","overlay-gradient":""},"mobile":{"background-color":"","background-image":"","background-repeat":"repeat","background-position":"center center","background-size":"auto","background-attachment":"scroll","background-type":"","background-media":"","overlay-type":"","overlay-color":"","overlay-opacity":"","overlay-gradient":""}},"ast-content-background-meta":{"desktop":{"background-color":"var(--ast-global-color-5)","background-image":"","background-repeat":"repeat","background-position":"center center","background-size":"auto","background-attachment":"scroll","background-type":"","background-media":"","overlay-type":"","overlay-color":"","overlay-opacity":"","overlay-gradient":""},"tablet":{"background-color":"var(--ast-global-color-5)","background-image":"","background-repeat":"repeat","background-position":"center center","background-size":"auto","background-attachment":"scroll","background-type":"","background-media":"","overlay-type":"","overlay-color":"","overlay-opacity":"","overlay-gradient":""},"mobile":{"background-color":"var(--ast-global-color-5)","background-image":"","background-repeat":"repeat","background-position":"center center","background-size":"auto","background-attachment":"scroll","background-type":"","background-media":"","overlay-type":"","overlay-color":"","overlay-opacity":"","overlay-gradient":""}},"footnotes":""},"categories":[60,61],"tags":[],"class_list":["post-15356","post","type-post","status-publish","format-standard","has-post-thumbnail","hentry","category-artikel-at","category-pressemitteilungen-at"],"yoast_head":"<!-- This site is optimized with the Yoast SEO plugin v27.4 - https:\/\/yoast.com\/product\/yoast-seo-wordpress\/ -->\n<title>Glasfaserausbau in der Gemeinde Dietach erfolgreich gestartet! - VX Fiber<\/title>\n<meta name=\"robots\" content=\"index, follow, max-snippet:-1, max-image-preview:large, max-video-preview:-1\" \/>\n<link rel=\"canonical\" href=\"https:\/\/vxfiber.com\/at\/glasfaserausbau-in-der-gemeinde-dietach-erfolgreich-gestartet\/\" \/>\n<meta property=\"og:locale\" content=\"de_DE\" \/>\n<meta property=\"og:type\" content=\"article\" \/>\n<meta property=\"og:title\" content=\"Glasfaserausbau in der Gemeinde Dietach erfolgreich gestartet! - VX Fiber\" \/>\n<meta property=\"og:description\" content=\"Mit einem Gesamtprojektvolumen von rund 4 Millionen Euro startet die Firma VX Fiber die erste Phase des Glasfaserausbaus in Dietach. Die ersten 350 Haushalte werden bis Ende September 2022 angeschlossen. Am 10. M\u00e4rz 2022 fand in der Gemeinde Dietach der Spatenstich zum Glasfaserausbau statt. Seit rund f\u00fcnf Jahren bem\u00fcht sich die Gemeinde Dietach um einen [&hellip;]\" \/>\n<meta property=\"og:url\" content=\"https:\/\/vxfiber.com\/at\/glasfaserausbau-in-der-gemeinde-dietach-erfolgreich-gestartet\/\" \/>\n<meta property=\"og:site_name\" content=\"VX Fiber\" \/>\n<meta property=\"article:published_time\" content=\"2022-04-04T11:56:48+00:00\" \/>\n<meta property=\"article:modified_time\" content=\"2025-02-06T14:03:22+00:00\" \/>\n<meta property=\"og:image\" content=\"https:\/\/vxfiber.com\/wp-content\/uploads\/2022\/04\/AY4I15332.jpeg\" \/>\n\t<meta property=\"og:image:width\" content=\"1200\" \/>\n\t<meta property=\"og:image:height\" content=\"731\" \/>\n\t<meta property=\"og:image:type\" content=\"image\/jpeg\" \/>\n<meta name=\"author\" content=\"admin\" \/>\n<meta name=\"twitter:card\" content=\"summary_large_image\" \/>\n<meta name=\"twitter:label1\" content=\"Verfasst von\" \/>\n\t<meta name=\"twitter:data1\" content=\"admin\" \/>\n\t<meta name=\"twitter:label2\" content=\"Gesch\u00e4tzte Lesezeit\" \/>\n\t<meta name=\"twitter:data2\" content=\"2 Minuten\" \/>\n<script type=\"application\/ld+json\" class=\"yoast-schema-graph\">{\"@context\":\"https:\\\/\\\/schema.org\",\"@graph\":[{\"@type\":\"Article\",\"@id\":\"https:\\\/\\\/vxfiber.com\\\/at\\\/glasfaserausbau-in-der-gemeinde-dietach-erfolgreich-gestartet\\\/#article\",\"isPartOf\":{\"@id\":\"https:\\\/\\\/vxfiber.com\\\/at\\\/glasfaserausbau-in-der-gemeinde-dietach-erfolgreich-gestartet\\\/\"},\"author\":{\"name\":\"admin\",\"@id\":\"https:\\\/\\\/vxfiber.com\\\/#\\\/schema\\\/person\\\/f104474af541f5dc148bdcd2ed0c22d1\"},\"headline\":\"Glasfaserausbau in der Gemeinde Dietach erfolgreich gestartet!\",\"datePublished\":\"2022-04-04T11:56:48+00:00\",\"dateModified\":\"2025-02-06T14:03:22+00:00\",\"mainEntityOfPage\":{\"@id\":\"https:\\\/\\\/vxfiber.com\\\/at\\\/glasfaserausbau-in-der-gemeinde-dietach-erfolgreich-gestartet\\\/\"},\"wordCount\":384,\"publisher\":{\"@id\":\"https:\\\/\\\/vxfiber.com\\\/#organization\"},\"image\":{\"@id\":\"https:\\\/\\\/vxfiber.com\\\/at\\\/glasfaserausbau-in-der-gemeinde-dietach-erfolgreich-gestartet\\\/#primaryimage\"},\"thumbnailUrl\":\"https:\\\/\\\/vxfiber.com\\\/wp-content\\\/uploads\\\/2022\\\/04\\\/AY4I15332.jpeg\",\"articleSection\":[\"Artikel\",\"Pressemitteilungen\"],\"inLanguage\":\"de-AT\"},{\"@type\":\"WebPage\",\"@id\":\"https:\\\/\\\/vxfiber.com\\\/at\\\/glasfaserausbau-in-der-gemeinde-dietach-erfolgreich-gestartet\\\/\",\"url\":\"https:\\\/\\\/vxfiber.com\\\/at\\\/glasfaserausbau-in-der-gemeinde-dietach-erfolgreich-gestartet\\\/\",\"name\":\"Glasfaserausbau in der Gemeinde Dietach erfolgreich gestartet! - VX Fiber\",\"isPartOf\":{\"@id\":\"https:\\\/\\\/vxfiber.com\\\/#website\"},\"primaryImageOfPage\":{\"@id\":\"https:\\\/\\\/vxfiber.com\\\/at\\\/glasfaserausbau-in-der-gemeinde-dietach-erfolgreich-gestartet\\\/#primaryimage\"},\"image\":{\"@id\":\"https:\\\/\\\/vxfiber.com\\\/at\\\/glasfaserausbau-in-der-gemeinde-dietach-erfolgreich-gestartet\\\/#primaryimage\"},\"thumbnailUrl\":\"https:\\\/\\\/vxfiber.com\\\/wp-content\\\/uploads\\\/2022\\\/04\\\/AY4I15332.jpeg\",\"datePublished\":\"2022-04-04T11:56:48+00:00\",\"dateModified\":\"2025-02-06T14:03:22+00:00\",\"inLanguage\":\"de-AT\",\"potentialAction\":[{\"@type\":\"ReadAction\",\"target\":[\"https:\\\/\\\/vxfiber.com\\\/at\\\/glasfaserausbau-in-der-gemeinde-dietach-erfolgreich-gestartet\\\/\"]}]},{\"@type\":\"ImageObject\",\"inLanguage\":\"de-AT\",\"@id\":\"https:\\\/\\\/vxfiber.com\\\/at\\\/glasfaserausbau-in-der-gemeinde-dietach-erfolgreich-gestartet\\\/#primaryimage\",\"url\":\"https:\\\/\\\/vxfiber.com\\\/wp-content\\\/uploads\\\/2022\\\/04\\\/AY4I15332.jpeg\",\"contentUrl\":\"https:\\\/\\\/vxfiber.com\\\/wp-content\\\/uploads\\\/2022\\\/04\\\/AY4I15332.jpeg\",\"width\":1200,\"height\":731},{\"@type\":\"WebSite\",\"@id\":\"https:\\\/\\\/vxfiber.com\\\/#website\",\"url\":\"https:\\\/\\\/vxfiber.com\\\/\",\"name\":\"VX Fiber\",\"description\":\"\",\"publisher\":{\"@id\":\"https:\\\/\\\/vxfiber.com\\\/#organization\"},\"potentialAction\":[{\"@type\":\"SearchAction\",\"target\":{\"@type\":\"EntryPoint\",\"urlTemplate\":\"https:\\\/\\\/vxfiber.com\\\/?s={search_term_string}\"},\"query-input\":{\"@type\":\"PropertyValueSpecification\",\"valueRequired\":true,\"valueName\":\"search_term_string\"}}],\"inLanguage\":\"de-AT\"},{\"@type\":\"Organization\",\"@id\":\"https:\\\/\\\/vxfiber.com\\\/#organization\",\"name\":\"VX Fiber\",\"url\":\"https:\\\/\\\/vxfiber.com\\\/\",\"logo\":{\"@type\":\"ImageObject\",\"inLanguage\":\"de-AT\",\"@id\":\"https:\\\/\\\/vxfiber.com\\\/#\\\/schema\\\/logo\\\/image\\\/\",\"url\":\"https:\\\/\\\/vxfiber.com\\\/wp-content\\\/uploads\\\/2020\\\/04\\\/vxfiber_logotype_rgb_white.svg\",\"contentUrl\":\"https:\\\/\\\/vxfiber.com\\\/wp-content\\\/uploads\\\/2020\\\/04\\\/vxfiber_logotype_rgb_white.svg\",\"width\":5440,\"height\":747,\"caption\":\"VX Fiber\"},\"image\":{\"@id\":\"https:\\\/\\\/vxfiber.com\\\/#\\\/schema\\\/logo\\\/image\\\/\"},\"sameAs\":[\"https:\\\/\\\/www.linkedin.com\\\/company\\\/vxfiber\\\/\"]},{\"@type\":\"Person\",\"@id\":\"https:\\\/\\\/vxfiber.com\\\/#\\\/schema\\\/person\\\/f104474af541f5dc148bdcd2ed0c22d1\",\"name\":\"admin\",\"image\":{\"@type\":\"ImageObject\",\"inLanguage\":\"de-AT\",\"@id\":\"https:\\\/\\\/secure.gravatar.com\\\/avatar\\\/845e662022e4da7062f7b17db836d5823d8b9b764ca84ec559decf046a616779?s=96&d=mm&r=g\",\"url\":\"https:\\\/\\\/secure.gravatar.com\\\/avatar\\\/845e662022e4da7062f7b17db836d5823d8b9b764ca84ec559decf046a616779?s=96&d=mm&r=g\",\"contentUrl\":\"https:\\\/\\\/secure.gravatar.com\\\/avatar\\\/845e662022e4da7062f7b17db836d5823d8b9b764ca84ec559decf046a616779?s=96&d=mm&r=g\",\"caption\":\"admin\"},\"sameAs\":[\"https:\\\/\\\/www-aws.vx.se\"],\"url\":\"https:\\\/\\\/vxfiber.com\\\/at\\\/author\\\/admin\\\/\"}]}<\/script>\n<!-- \/ Yoast SEO plugin. -->","yoast_head_json":{"title":"Glasfaserausbau in der Gemeinde Dietach erfolgreich gestartet! - VX Fiber","robots":{"index":"index","follow":"follow","max-snippet":"max-snippet:-1","max-image-preview":"max-image-preview:large","max-video-preview":"max-video-preview:-1"},"canonical":"https:\/\/vxfiber.com\/at\/glasfaserausbau-in-der-gemeinde-dietach-erfolgreich-gestartet\/","og_locale":"de_DE","og_type":"article","og_title":"Glasfaserausbau in der Gemeinde Dietach erfolgreich gestartet! - VX Fiber","og_description":"Mit einem Gesamtprojektvolumen von rund 4 Millionen Euro startet die Firma VX Fiber die erste Phase des Glasfaserausbaus in Dietach. Die ersten 350 Haushalte werden bis Ende September 2022 angeschlossen. Am 10. M\u00e4rz 2022 fand in der Gemeinde Dietach der Spatenstich zum Glasfaserausbau statt. Seit rund f\u00fcnf Jahren bem\u00fcht sich die Gemeinde Dietach um einen [&hellip;]","og_url":"https:\/\/vxfiber.com\/at\/glasfaserausbau-in-der-gemeinde-dietach-erfolgreich-gestartet\/","og_site_name":"VX Fiber","article_published_time":"2022-04-04T11:56:48+00:00","article_modified_time":"2025-02-06T14:03:22+00:00","og_image":[{"width":1200,"height":731,"url":"https:\/\/vxfiber.com\/wp-content\/uploads\/2022\/04\/AY4I15332.jpeg","type":"image\/jpeg"}],"author":"admin","twitter_card":"summary_large_image","twitter_misc":{"Verfasst von":"admin","Gesch\u00e4tzte Lesezeit":"2 Minuten"},"schema":{"@context":"https:\/\/schema.org","@graph":[{"@type":"Article","@id":"https:\/\/vxfiber.com\/at\/glasfaserausbau-in-der-gemeinde-dietach-erfolgreich-gestartet\/#article","isPartOf":{"@id":"https:\/\/vxfiber.com\/at\/glasfaserausbau-in-der-gemeinde-dietach-erfolgreich-gestartet\/"},"author":{"name":"admin","@id":"https:\/\/vxfiber.com\/#\/schema\/person\/f104474af541f5dc148bdcd2ed0c22d1"},"headline":"Glasfaserausbau in der Gemeinde Dietach erfolgreich gestartet!","datePublished":"2022-04-04T11:56:48+00:00","dateModified":"2025-02-06T14:03:22+00:00","mainEntityOfPage":{"@id":"https:\/\/vxfiber.com\/at\/glasfaserausbau-in-der-gemeinde-dietach-erfolgreich-gestartet\/"},"wordCount":384,"publisher":{"@id":"https:\/\/vxfiber.com\/#organization"},"image":{"@id":"https:\/\/vxfiber.com\/at\/glasfaserausbau-in-der-gemeinde-dietach-erfolgreich-gestartet\/#primaryimage"},"thumbnailUrl":"https:\/\/vxfiber.com\/wp-content\/uploads\/2022\/04\/AY4I15332.jpeg","articleSection":["Artikel","Pressemitteilungen"],"inLanguage":"de-AT"},{"@type":"WebPage","@id":"https:\/\/vxfiber.com\/at\/glasfaserausbau-in-der-gemeinde-dietach-erfolgreich-gestartet\/","url":"https:\/\/vxfiber.com\/at\/glasfaserausbau-in-der-gemeinde-dietach-erfolgreich-gestartet\/","name":"Glasfaserausbau in der Gemeinde Dietach erfolgreich gestartet! - VX Fiber","isPartOf":{"@id":"https:\/\/vxfiber.com\/#website"},"primaryImageOfPage":{"@id":"https:\/\/vxfiber.com\/at\/glasfaserausbau-in-der-gemeinde-dietach-erfolgreich-gestartet\/#primaryimage"},"image":{"@id":"https:\/\/vxfiber.com\/at\/glasfaserausbau-in-der-gemeinde-dietach-erfolgreich-gestartet\/#primaryimage"},"thumbnailUrl":"https:\/\/vxfiber.com\/wp-content\/uploads\/2022\/04\/AY4I15332.jpeg","datePublished":"2022-04-04T11:56:48+00:00","dateModified":"2025-02-06T14:03:22+00:00","inLanguage":"de-AT","potentialAction":[{"@type":"ReadAction","target":["https:\/\/vxfiber.com\/at\/glasfaserausbau-in-der-gemeinde-dietach-erfolgreich-gestartet\/"]}]},{"@type":"ImageObject","inLanguage":"de-AT","@id":"https:\/\/vxfiber.com\/at\/glasfaserausbau-in-der-gemeinde-dietach-erfolgreich-gestartet\/#primaryimage","url":"https:\/\/vxfiber.com\/wp-content\/uploads\/2022\/04\/AY4I15332.jpeg","contentUrl":"https:\/\/vxfiber.com\/wp-content\/uploads\/2022\/04\/AY4I15332.jpeg","width":1200,"height":731},{"@type":"WebSite","@id":"https:\/\/vxfiber.com\/#website","url":"https:\/\/vxfiber.com\/","name":"VX Fiber","description":"","publisher":{"@id":"https:\/\/vxfiber.com\/#organization"},"potentialAction":[{"@type":"SearchAction","target":{"@type":"EntryPoint","urlTemplate":"https:\/\/vxfiber.com\/?s={search_term_string}"},"query-input":{"@type":"PropertyValueSpecification","valueRequired":true,"valueName":"search_term_string"}}],"inLanguage":"de-AT"},{"@type":"Organization","@id":"https:\/\/vxfiber.com\/#organization","name":"VX Fiber","url":"https:\/\/vxfiber.com\/","logo":{"@type":"ImageObject","inLanguage":"de-AT","@id":"https:\/\/vxfiber.com\/#\/schema\/logo\/image\/","url":"https:\/\/vxfiber.com\/wp-content\/uploads\/2020\/04\/vxfiber_logotype_rgb_white.svg","contentUrl":"https:\/\/vxfiber.com\/wp-content\/uploads\/2020\/04\/vxfiber_logotype_rgb_white.svg","width":5440,"height":747,"caption":"VX Fiber"},"image":{"@id":"https:\/\/vxfiber.com\/#\/schema\/logo\/image\/"},"sameAs":["https:\/\/www.linkedin.com\/company\/vxfiber\/"]},{"@type":"Person","@id":"https:\/\/vxfiber.com\/#\/schema\/person\/f104474af541f5dc148bdcd2ed0c22d1","name":"admin","image":{"@type":"ImageObject","inLanguage":"de-AT","@id":"https:\/\/secure.gravatar.com\/avatar\/845e662022e4da7062f7b17db836d5823d8b9b764ca84ec559decf046a616779?s=96&d=mm&r=g","url":"https:\/\/secure.gravatar.com\/avatar\/845e662022e4da7062f7b17db836d5823d8b9b764ca84ec559decf046a616779?s=96&d=mm&r=g","contentUrl":"https:\/\/secure.gravatar.com\/avatar\/845e662022e4da7062f7b17db836d5823d8b9b764ca84ec559decf046a616779?s=96&d=mm&r=g","caption":"admin"},"sameAs":["https:\/\/www-aws.vx.se"],"url":"https:\/\/vxfiber.com\/at\/author\/admin\/"}]}},"_links":{"self":[{"href":"https:\/\/vxfiber.com\/at\/wp-json\/wp\/v2\/posts\/15356","targetHints":{"allow":["GET"]}}],"collection":[{"href":"https:\/\/vxfiber.com\/at\/wp-json\/wp\/v2\/posts"}],"about":[{"href":"https:\/\/vxfiber.com\/at\/wp-json\/wp\/v2\/types\/post"}],"author":[{"embeddable":true,"href":"https:\/\/vxfiber.com\/at\/wp-json\/wp\/v2\/users\/1"}],"replies":[{"embeddable":true,"href":"https:\/\/vxfiber.com\/at\/wp-json\/wp\/v2\/comments?post=15356"}],"version-history":[{"count":1,"href":"https:\/\/vxfiber.com\/at\/wp-json\/wp\/v2\/posts\/15356\/revisions"}],"predecessor-version":[{"id":15357,"href":"https:\/\/vxfiber.com\/at\/wp-json\/wp\/v2\/posts\/15356\/revisions\/15357"}],"wp:featuredmedia":[{"embeddable":true,"href":"https:\/\/vxfiber.com\/at\/wp-json\/wp\/v2\/media\/5364"}],"wp:attachment":[{"href":"https:\/\/vxfiber.com\/at\/wp-json\/wp\/v2\/media?parent=15356"}],"wp:term":[{"taxonomy":"category","embeddable":true,"href":"https:\/\/vxfiber.com\/at\/wp-json\/wp\/v2\/categories?post=15356"},{"taxonomy":"post_tag","embeddable":true,"href":"https:\/\/vxfiber.com\/at\/wp-json\/wp\/v2\/tags?post=15356"}],"curies":[{"name":"wp","href":"https:\/\/api.w.org\/{rel}","templated":true}]}}